{"id":1,"date":"2023-02-15T12:34:10","date_gmt":"2023-02-15T15:34:10","guid":{"rendered":"https:\/\/sessaoestrategica.com.br\/?p=1"},"modified":"2023-04-24T20:42:38","modified_gmt":"2023-04-24T23:42:38","slug":"ola-mundo","status":"publish","type":"post","link":"https:\/\/sessaoestrategica.com.br\/index.php\/2023\/02\/15\/ola-mundo\/","title":{"rendered":"Ol\u00e1, mundo!"},"content":{"rendered":"\n<p>Boas-vindas ao WordPress. Esse \u00e9 o seu primeiro post. Edite-o ou exclua-o, e ent\u00e3o comece a escrever!<\/p>\n","protected":false},"excerpt":{"rendered":"<p>Boas-vindas ao WordPress. Esse \u00e9 o seu primeiro post. Edite-o ou exclua-o, e ent\u00e3o comece a escrever!<\/p>\n","protected":false},"author":2,"featured_media":0,"comment_status":"open","ping_status":"open","sticky":false,"template":"","format":"standard","meta":{"footnotes":""},"categories":[1],"tags":[],"class_list":["post-1","post","type-post","status-publish","format-standard","hentry","category-sem-categoria"],"yoast_head":"<!-- This site is optimized with the Yoast SEO plugin v23.2 - https:\/\/yoast.com\/wordpress\/plugins\/seo\/ -->\n<title>Ol\u00e1, mundo! - Sess\u00e3o Estrat\u00e9gica | Marcelo Sales<\/title>\n<meta name=\"robots\" content=\"index, follow, max-snippet:-1, max-image-preview:large, max-video-preview:-1\" \/>\n<link rel=\"canonical\" href=\"https:\/\/sessaoestrategica.com.br\/index.php\/2023\/02\/15\/ola-mundo\/\" \/>\n<meta property=\"og:locale\" content=\"pt_BR\" \/>\n<meta property=\"og:type\" content=\"article\" \/>\n<meta property=\"og:title\" content=\"Ol\u00e1, mundo! - Sess\u00e3o Estrat\u00e9gica | Marcelo Sales\" \/>\n<meta property=\"og:description\" content=\"Boas-vindas ao WordPress. Esse \u00e9 o seu primeiro post. Edite-o ou exclua-o, e ent\u00e3o comece a escrever!\" \/>\n<meta property=\"og:url\" content=\"https:\/\/sessaoestrategica.com.br\/index.php\/2023\/02\/15\/ola-mundo\/\" \/>\n<meta property=\"og:site_name\" content=\"Sess\u00e3o Estrat\u00e9gica | Marcelo Sales\" \/>\n<meta property=\"article:publisher\" content=\"https:\/\/www.facebook.com\/ocaradomarketing\" \/>\n<meta property=\"article:published_time\" content=\"2023-02-15T15:34:10+00:00\" \/>\n<meta property=\"article:modified_time\" content=\"2023-04-24T23:42:38+00:00\" \/>\n<meta property=\"og:image\" content=\"https:\/\/sessaoestrategica.com.br\/wp-content\/uploads\/2023\/02\/cropped-favicon-1.png\" \/>\n\t<meta property=\"og:image:width\" content=\"512\" \/>\n\t<meta property=\"og:image:height\" content=\"512\" \/>\n\t<meta property=\"og:image:type\" content=\"image\/png\" \/>\n<meta name=\"author\" content=\"Marcelo Sales\" \/>\n<meta name=\"twitter:card\" content=\"summary_large_image\" \/>\n<meta name=\"twitter:label1\" content=\"Escrito por\" \/>\n\t<meta name=\"twitter:data1\" content=\"Marcelo Sales\" \/>\n\t<meta name=\"twitter:label2\" content=\"Est. tempo de leitura\" \/>\n\t<meta name=\"twitter:data2\" content=\"1 minuto\" \/>\n<script type=\"application\/ld+json\" class=\"yoast-schema-graph\">{\"@context\":\"https:\/\/schema.org\",\"@graph\":[{\"@type\":\"Article\",\"@id\":\"https:\/\/sessaoestrategica.com.br\/index.php\/2023\/02\/15\/ola-mundo\/#article\",\"isPartOf\":{\"@id\":\"https:\/\/sessaoestrategica.com.br\/index.php\/2023\/02\/15\/ola-mundo\/\"},\"author\":{\"name\":\"Marcelo Sales\",\"@id\":\"https:\/\/sessaoestrategica.com.br\/#\/schema\/person\/680535e07de3c0e8c5eed9ae13ad0f0a\"},\"headline\":\"Ol\u00e1, mundo!\",\"datePublished\":\"2023-02-15T15:34:10+00:00\",\"dateModified\":\"2023-04-24T23:42:38+00:00\",\"mainEntityOfPage\":{\"@id\":\"https:\/\/sessaoestrategica.com.br\/index.php\/2023\/02\/15\/ola-mundo\/\"},\"wordCount\":19,\"commentCount\":1,\"publisher\":{\"@id\":\"https:\/\/sessaoestrategica.com.br\/#organization\"},\"inLanguage\":\"pt-BR\",\"potentialAction\":[{\"@type\":\"CommentAction\",\"name\":\"Comment\",\"target\":[\"https:\/\/sessaoestrategica.com.br\/index.php\/2023\/02\/15\/ola-mundo\/#respond\"]}]},{\"@type\":\"WebPage\",\"@id\":\"https:\/\/sessaoestrategica.com.br\/index.php\/2023\/02\/15\/ola-mundo\/\",\"url\":\"https:\/\/sessaoestrategica.com.br\/index.php\/2023\/02\/15\/ola-mundo\/\",\"name\":\"Ol\u00e1, mundo! - Sess\u00e3o Estrat\u00e9gica | Marcelo Sales\",\"isPartOf\":{\"@id\":\"https:\/\/sessaoestrategica.com.br\/#website\"},\"datePublished\":\"2023-02-15T15:34:10+00:00\",\"dateModified\":\"2023-04-24T23:42:38+00:00\",\"breadcrumb\":{\"@id\":\"https:\/\/sessaoestrategica.com.br\/index.php\/2023\/02\/15\/ola-mundo\/#breadcrumb\"},\"inLanguage\":\"pt-BR\",\"potentialAction\":[{\"@type\":\"ReadAction\",\"target\":[\"https:\/\/sessaoestrategica.com.br\/index.php\/2023\/02\/15\/ola-mundo\/\"]}]},{\"@type\":\"BreadcrumbList\",\"@id\":\"https:\/\/sessaoestrategica.com.br\/index.php\/2023\/02\/15\/ola-mundo\/#breadcrumb\",\"itemListElement\":[{\"@type\":\"ListItem\",\"position\":1,\"name\":\"In\u00edcio\",\"item\":\"https:\/\/sessaoestrategica.com.br\/\"},{\"@type\":\"ListItem\",\"position\":2,\"name\":\"Ol\u00e1, mundo!\"}]},{\"@type\":\"WebSite\",\"@id\":\"https:\/\/sessaoestrategica.com.br\/#website\",\"url\":\"https:\/\/sessaoestrategica.com.br\/\",\"name\":\"Sess\u00e3o Estrat\u00e9gica | Marcelo Sales\",\"description\":\"Em 30 minutos vou te apresentar o plano pr\u00e1tico para voc\u00ea implementar o processo comercial \",\"publisher\":{\"@id\":\"https:\/\/sessaoestrategica.com.br\/#organization\"},\"potentialAction\":[{\"@type\":\"SearchAction\",\"target\":{\"@type\":\"EntryPoint\",\"urlTemplate\":\"https:\/\/sessaoestrategica.com.br\/?s={search_term_string}\"},\"query-input\":\"required name=search_term_string\"}],\"inLanguage\":\"pt-BR\"},{\"@type\":\"Organization\",\"@id\":\"https:\/\/sessaoestrategica.com.br\/#organization\",\"name\":\"Sess\u00e3o Estrat\u00e9gica\",\"url\":\"https:\/\/sessaoestrategica.com.br\/\",\"logo\":{\"@type\":\"ImageObject\",\"inLanguage\":\"pt-BR\",\"@id\":\"https:\/\/sessaoestrategica.com.br\/#\/schema\/logo\/image\/\",\"url\":\"https:\/\/sessaoestrategica.com.br\/wp-content\/uploads\/2023\/02\/logo.png\",\"contentUrl\":\"https:\/\/sessaoestrategica.com.br\/wp-content\/uploads\/2023\/02\/logo.png\",\"width\":250,\"height\":57,\"caption\":\"Sess\u00e3o Estrat\u00e9gica\"},\"image\":{\"@id\":\"https:\/\/sessaoestrategica.com.br\/#\/schema\/logo\/image\/\"},\"sameAs\":[\"https:\/\/www.facebook.com\/ocaradomarketing\"]},{\"@type\":\"Person\",\"@id\":\"https:\/\/sessaoestrategica.com.br\/#\/schema\/person\/680535e07de3c0e8c5eed9ae13ad0f0a\",\"name\":\"Marcelo Sales\",\"image\":{\"@type\":\"ImageObject\",\"inLanguage\":\"pt-BR\",\"@id\":\"https:\/\/sessaoestrategica.com.br\/#\/schema\/person\/image\/\",\"url\":\"https:\/\/secure.gravatar.com\/avatar\/8c4ffb7d81c05bbd325219ffa38942e0704c4fce6b6c69e69630b659684030a2?s=96&d=mm&r=g\",\"contentUrl\":\"https:\/\/secure.gravatar.com\/avatar\/8c4ffb7d81c05bbd325219ffa38942e0704c4fce6b6c69e69630b659684030a2?s=96&d=mm&r=g\",\"caption\":\"Marcelo Sales\"},\"url\":\"https:\/\/sessaoestrategica.com.br\/index.php\/author\/marcelo-sales\/\"}]}<\/script>\n<!-- \/ Yoast SEO plugin. -->","yoast_head_json":{"title":"Ol\u00e1, mundo! - Sess\u00e3o Estrat\u00e9gica | Marcelo Sales","robots":{"index":"index","follow":"follow","max-snippet":"max-snippet:-1","max-image-preview":"max-image-preview:large","max-video-preview":"max-video-preview:-1"},"canonical":"https:\/\/sessaoestrategica.com.br\/index.php\/2023\/02\/15\/ola-mundo\/","og_locale":"pt_BR","og_type":"article","og_title":"Ol\u00e1, mundo! - Sess\u00e3o Estrat\u00e9gica | Marcelo Sales","og_description":"Boas-vindas ao WordPress. Esse \u00e9 o seu primeiro post. Edite-o ou exclua-o, e ent\u00e3o comece a escrever!","og_url":"https:\/\/sessaoestrategica.com.br\/index.php\/2023\/02\/15\/ola-mundo\/","og_site_name":"Sess\u00e3o Estrat\u00e9gica | Marcelo Sales","article_publisher":"https:\/\/www.facebook.com\/ocaradomarketing","article_published_time":"2023-02-15T15:34:10+00:00","article_modified_time":"2023-04-24T23:42:38+00:00","og_image":[{"width":512,"height":512,"url":"https:\/\/sessaoestrategica.com.br\/wp-content\/uploads\/2023\/02\/cropped-favicon-1.png","type":"image\/png"}],"author":"Marcelo Sales","twitter_card":"summary_large_image","twitter_misc":{"Escrito por":"Marcelo Sales","Est. tempo de leitura":"1 minuto"},"schema":{"@context":"https:\/\/schema.org","@graph":[{"@type":"Article","@id":"https:\/\/sessaoestrategica.com.br\/index.php\/2023\/02\/15\/ola-mundo\/#article","isPartOf":{"@id":"https:\/\/sessaoestrategica.com.br\/index.php\/2023\/02\/15\/ola-mundo\/"},"author":{"name":"Marcelo Sales","@id":"https:\/\/sessaoestrategica.com.br\/#\/schema\/person\/680535e07de3c0e8c5eed9ae13ad0f0a"},"headline":"Ol\u00e1, mundo!","datePublished":"2023-02-15T15:34:10+00:00","dateModified":"2023-04-24T23:42:38+00:00","mainEntityOfPage":{"@id":"https:\/\/sessaoestrategica.com.br\/index.php\/2023\/02\/15\/ola-mundo\/"},"wordCount":19,"commentCount":1,"publisher":{"@id":"https:\/\/sessaoestrategica.com.br\/#organization"},"inLanguage":"pt-BR","potentialAction":[{"@type":"CommentAction","name":"Comment","target":["https:\/\/sessaoestrategica.com.br\/index.php\/2023\/02\/15\/ola-mundo\/#respond"]}]},{"@type":"WebPage","@id":"https:\/\/sessaoestrategica.com.br\/index.php\/2023\/02\/15\/ola-mundo\/","url":"https:\/\/sessaoestrategica.com.br\/index.php\/2023\/02\/15\/ola-mundo\/","name":"Ol\u00e1, mundo! - Sess\u00e3o Estrat\u00e9gica | Marcelo Sales","isPartOf":{"@id":"https:\/\/sessaoestrategica.com.br\/#website"},"datePublished":"2023-02-15T15:34:10+00:00","dateModified":"2023-04-24T23:42:38+00:00","breadcrumb":{"@id":"https:\/\/sessaoestrategica.com.br\/index.php\/2023\/02\/15\/ola-mundo\/#breadcrumb"},"inLanguage":"pt-BR","potentialAction":[{"@type":"ReadAction","target":["https:\/\/sessaoestrategica.com.br\/index.php\/2023\/02\/15\/ola-mundo\/"]}]},{"@type":"BreadcrumbList","@id":"https:\/\/sessaoestrategica.com.br\/index.php\/2023\/02\/15\/ola-mundo\/#breadcrumb","itemListElement":[{"@type":"ListItem","position":1,"name":"In\u00edcio","item":"https:\/\/sessaoestrategica.com.br\/"},{"@type":"ListItem","position":2,"name":"Ol\u00e1, mundo!"}]},{"@type":"WebSite","@id":"https:\/\/sessaoestrategica.com.br\/#website","url":"https:\/\/sessaoestrategica.com.br\/","name":"Sess\u00e3o Estrat\u00e9gica | Marcelo Sales","description":"Em 30 minutos vou te apresentar o plano pr\u00e1tico para voc\u00ea implementar o processo comercial ","publisher":{"@id":"https:\/\/sessaoestrategica.com.br\/#organization"},"potentialAction":[{"@type":"SearchAction","target":{"@type":"EntryPoint","urlTemplate":"https:\/\/sessaoestrategica.com.br\/?s={search_term_string}"},"query-input":"required name=search_term_string"}],"inLanguage":"pt-BR"},{"@type":"Organization","@id":"https:\/\/sessaoestrategica.com.br\/#organization","name":"Sess\u00e3o Estrat\u00e9gica","url":"https:\/\/sessaoestrategica.com.br\/","logo":{"@type":"ImageObject","inLanguage":"pt-BR","@id":"https:\/\/sessaoestrategica.com.br\/#\/schema\/logo\/image\/","url":"https:\/\/sessaoestrategica.com.br\/wp-content\/uploads\/2023\/02\/logo.png","contentUrl":"https:\/\/sessaoestrategica.com.br\/wp-content\/uploads\/2023\/02\/logo.png","width":250,"height":57,"caption":"Sess\u00e3o Estrat\u00e9gica"},"image":{"@id":"https:\/\/sessaoestrategica.com.br\/#\/schema\/logo\/image\/"},"sameAs":["https:\/\/www.facebook.com\/ocaradomarketing"]},{"@type":"Person","@id":"https:\/\/sessaoestrategica.com.br\/#\/schema\/person\/680535e07de3c0e8c5eed9ae13ad0f0a","name":"Marcelo Sales","image":{"@type":"ImageObject","inLanguage":"pt-BR","@id":"https:\/\/sessaoestrategica.com.br\/#\/schema\/person\/image\/","url":"https:\/\/secure.gravatar.com\/avatar\/8c4ffb7d81c05bbd325219ffa38942e0704c4fce6b6c69e69630b659684030a2?s=96&d=mm&r=g","contentUrl":"https:\/\/secure.gravatar.com\/avatar\/8c4ffb7d81c05bbd325219ffa38942e0704c4fce6b6c69e69630b659684030a2?s=96&d=mm&r=g","caption":"Marcelo Sales"},"url":"https:\/\/sessaoestrategica.com.br\/index.php\/author\/marcelo-sales\/"}]}},"_links":{"self":[{"href":"https:\/\/sessaoestrategica.com.br\/index.php\/wp-json\/wp\/v2\/posts\/1","targetHints":{"allow":["GET"]}}],"collection":[{"href":"https:\/\/sessaoestrategica.com.br\/index.php\/wp-json\/wp\/v2\/posts"}],"about":[{"href":"https:\/\/sessaoestrategica.com.br\/index.php\/wp-json\/wp\/v2\/types\/post"}],"author":[{"embeddable":true,"href":"https:\/\/sessaoestrategica.com.br\/index.php\/wp-json\/wp\/v2\/users\/2"}],"replies":[{"embeddable":true,"href":"https:\/\/sessaoestrategica.com.br\/index.php\/wp-json\/wp\/v2\/comments?post=1"}],"version-history":[{"count":1,"href":"https:\/\/sessaoestrategica.com.br\/index.php\/wp-json\/wp\/v2\/posts\/1\/revisions"}],"predecessor-version":[{"id":255,"href":"https:\/\/sessaoestrategica.com.br\/index.php\/wp-json\/wp\/v2\/posts\/1\/revisions\/255"}],"wp:attachment":[{"href":"https:\/\/sessaoestrategica.com.br\/index.php\/wp-json\/wp\/v2\/media?parent=1"}],"wp:term":[{"taxonomy":"category","embeddable":true,"href":"https:\/\/sessaoestrategica.com.br\/index.php\/wp-json\/wp\/v2\/categories?post=1"},{"taxonomy":"post_tag","embeddable":true,"href":"https:\/\/sessaoestrategica.com.br\/index.php\/wp-json\/wp\/v2\/tags?post=1"}],"curies":[{"name":"wp","href":"https:\/\/api.w.org\/{rel}","templated":true}]}}